{"id":141,"date":"2026-01-27T16:09:03","date_gmt":"2026-01-27T16:09:03","guid":{"rendered":"https:\/\/femusik.de\/?p=141"},"modified":"2026-01-27T16:09:03","modified_gmt":"2026-01-27T16:09:03","slug":"faqs-zur-geplanten-reform-der-gema-kulturfoerderung","status":"publish","type":"post","link":"https:\/\/femusik.de\/index.php\/2026\/01\/27\/faqs-zur-geplanten-reform-der-gema-kulturfoerderung\/","title":{"rendered":"FAQs zur geplanten Reform der GEMA-Kulturf\u00f6rderung"},"content":{"rendered":"<p align=\"center\"><span style=\"font-family: Arial, sans-serif;\"><span style=\"font-size: medium;\"><b>FAQ<\/b><b>s<\/b><b> zur geplanten Reform der GEMA-Kulturf\u00f6rderung<\/b><\/span><\/span><\/p>\n<p align=\"left\">\n<p align=\"left\"><span style=\"font-family: Arial, sans-serif;\"><span style=\"font-size: small;\"><b>Worum geht es bei der GEMA-Reform?<\/b><\/span><\/span><\/p>\n<p align=\"left\"><span style=\"font-family: Arial, sans-serif;\"><span style=\"font-size: small;\">Die GEMA plant eine grundlegende Reform der Kulturf\u00f6rderung und der Verteilungsmechanismen, insbesondere im Bereich der zeitgen\u00f6ssischen Musik (E-Musik \/ Contemporary Classic Live = CCL). Ziel ist laut GEMA eine breitere, zeitgem\u00e4\u00dfe F\u00f6rderung. Die Reform soll ab 2027 schrittweise wirksam werden.<\/span><\/span><\/p>\n<p align=\"left\"><span style=\"font-family: Arial, sans-serif;\"><span style=\"font-size: small;\"><b>Wird die Kulturf\u00f6rderung gek\u00fcrzt?<\/b><\/span><\/span><\/p>\n<p align=\"left\"><span style=\"font-family: Arial, sans-serif;\"><span style=\"font-size: small;\">Nach Angaben der GEMA wird das Gesamtvolumen der Kulturf\u00f6rderung nicht gek\u00fcrzt. Entscheidend ist jedoch nicht allein das Gesamtvolumen, sondern wie dieses k\u00fcnftig verteilt wird. Unsere Analysen zeigen, dass die neuen Mechanismen f\u00fcr viele Urheber:innen zu erheblichen individuellen Einnahmeverlusten f\u00fchren k\u00f6nnen.<\/span><\/span><\/p>\n<p align=\"left\"><span style=\"font-family: Arial, sans-serif;\"><span style=\"font-size: small;\"><b>Wer ist besonders betroffen?<\/b><\/span><\/span><\/p>\n<p align=\"left\"><span style=\"font-family: Arial, sans-serif;\"><span style=\"font-size: small;\">Besonders betroffen sind:<\/span><\/span><\/p>\n<ul>\n<li>\n<p align=\"left\"><span style=\"font-family: Arial, sans-serif;\"><span style=\"font-size: small;\">kontinuierlich arbeitende Komponist:innen mit mittlerer oder niedriger Auff\u00fchrungsdichte,<\/span><\/span><\/p>\n<\/li>\n<li>\n<p align=\"left\"><span style=\"font-family: Arial, sans-serif;\"><span style=\"font-size: small;\">viele Studierende,<\/span><\/span><\/p>\n<\/li>\n<li>\n<p align=\"left\"><span style=\"font-family: Arial, sans-serif;\"><span style=\"font-size: small;\">zahlreiche Berufsanf\u00e4nger:innen, die nicht au\u00dfergew\u00f6hnlich hohe Auff\u00fchrungszahlen erreichen.<\/span><\/span><\/p>\n<\/li>\n<\/ul>\n<p align=\"left\"><span style=\"font-family: Arial, sans-serif;\"><span style=\"font-size: small;\">Nur wenige Konstellationen mit sehr hoher Auff\u00fchrungsfrequenz profitieren deutlich.<\/span><\/span><\/p>\n<p align=\"left\"><span style=\"font-family: Arial, sans-serif;\"><span style=\"font-size: small;\"><b>Warum reicht das neue F\u00f6rdersystem f\u00fcr viele nicht aus?<\/b><\/span><\/span><\/p>\n<p align=\"left\"><span style=\"font-family: Arial, sans-serif;\"><span style=\"font-size: small;\">Die Reform orientiert sich st\u00e4rker an Auff\u00fchrungsfrequenz, Punktwerten, Spielst\u00e4tten und Sonderf\u00f6rderungen. Dadurch entstehen faktische Mindestschwellen, die f\u00fcr viele k\u00fcnstlerisch relevante Werke und Arbeitsweisen kaum erreichbar sind. F\u00f6rderung droht damit marktn\u00e4her zu werden, statt ausgleichend zu wirken.<\/span><\/span><\/p>\n<p align=\"left\"><span style=\"font-family: Arial, sans-serif;\"><span style=\"font-size: small;\"><b>Was bedeutet die Reform f\u00fcr Contemporary Classic Live (CCL)?<\/b><\/span><\/span><\/p>\n<p align=\"left\"><span style=\"font-family: Arial, sans-serif;\"><span style=\"font-size: small;\">CCL-Aufkommen flie\u00dft k\u00fcnftig nicht mehr voll in die allgemeine F\u00f6rderung ein, sondern entfaltet seine Wirkung \u00fcberwiegend \u00fcber spezielle F\u00f6rdermodule. Diese sind st\u00e4rker von Parametern, Deckelungen und Entscheidungen abh\u00e4ngig und daher weniger verl\u00e4sslich als eine regul\u00e4re Beteiligung an einer allgemeinen Wertung. Langfristig kann dies zu einer strukturellen Schw\u00e4chung f\u00fchren.<\/span><\/span><\/p>\n<p align=\"left\"><span style=\"font-family: Arial, sans-serif;\"><span style=\"font-size: small;\"><b>War die bisherige st\u00e4rkere F\u00f6rderung der E-Musik ein \u201e\u00dcberprivileg\u201c?<\/b><\/span><\/span><\/p>\n<p align=\"left\"><span style=\"font-family: Arial, sans-serif;\"><span style=\"font-size: small;\">Nein. Die st\u00e4rkere F\u00f6rderung der zeitgen\u00f6ssischen Kunstmusik beruhte auf einer kulturpolitischen Abw\u00e4gung. Ihr gesellschaftlicher Wert, ihr hoher Produktionsaufwand und ihre strukturell begrenzte Marktf\u00e4higkeit lassen sich \u00fcber reines Inkasso nicht angemessen abbilden. Die F\u00f6rderung diente als Ausgleich f\u00fcr diese strukturellen Bedingungen, nicht als Sonderbevorzugung.<\/span><\/span><\/p>\n<p align=\"left\"><span style=\"font-family: Arial, sans-serif;\"><span style=\"font-size: small;\"><b>Wird der Nachwuchs durch die Reform besser gef\u00f6rdert?<\/b><\/span><\/span><\/p>\n<p align=\"left\"><span style=\"font-family: Arial, sans-serif;\"><span style=\"font-size: small;\">Die Reform verspricht eine st\u00e4rkere Nachwuchsf\u00f6rderung. In der Praxis zeigen Berechnungen jedoch, dass Studierende h\u00e4ufig verlieren und Berufsanf\u00e4nger:innen nur dann profitieren, wenn sie au\u00dfergew\u00f6hnlich hohe Leistungsparameter erreichen. Nachwuchsf\u00f6rderung wird damit nicht als verl\u00e4ssliche Basis, sondern selektiv ausgestaltet.<\/span><\/span><\/p>\n<p align=\"left\"><span style=\"font-family: Arial, sans-serif;\"><span style=\"font-size: small;\"><b>Welche Rolle spielen Transparenz und Mitbestimmung?<\/b><\/span><\/span><\/p>\n<p align=\"left\"><span style=\"font-family: Arial, sans-serif;\"><span style=\"font-size: small;\">Bislang liegen der Mitgliedschaft keine vollst\u00e4ndigen, nachvollziehbaren Modellrechnungen zur Reform vor, obwohl solche existieren sollen. Zudem sind zentrale F\u00f6rderparameter nicht dauerhaft in der Gesch\u00e4ftsordnung verankert, sondern politisch ver\u00e4nderbar. Das erschwert Planbarkeit, demokratische Kontrolle und rechtliche Nachpr\u00fcfbarkeit.<\/span><\/span><\/p>\n<p align=\"left\"><span style=\"font-family: Arial, sans-serif;\"><span style=\"font-size: small;\"><b>Was bedeutet die Reform f\u00fcr die ordentliche Mitgliedschaft?<\/b><\/span><\/span><\/p>\n<p align=\"left\"><span style=\"font-family: Arial, sans-serif;\"><span style=\"font-size: small;\">Durch die st\u00e4rkere Kopplung von F\u00f6rderung und Verteilung an hohe Auff\u00fchrungszahlen wird es f\u00fcr viele Urheber:innen deutlich schwieriger, die Voraussetzungen f\u00fcr die ordentliche Mitgliedschaft zu erreichen. Gerade im Bereich der zeitgen\u00f6ssischen Musik mit nicht-linearen Karrieren droht sich der Zugang weiter zu verengen.<\/span><\/span><\/p>\n<p align=\"left\"><span style=\"font-family: Arial, sans-serif;\"><span style=\"font-size: small;\"><b>Lehnt ihr Reformen grunds\u00e4tzlich ab?<\/b><\/span><\/span><\/p>\n<p align=\"left\"><span style=\"font-family: Arial, sans-serif;\"><span style=\"font-size: small;\">Nein. Auch wir sehen Reformbedarf und erkennen an, dass sich Rahmenbedingungen ver\u00e4ndert haben. Unsere Kritik richtet sich nicht gegen Reformen an sich, sondern gegen eine Ausgestaltung, die solidarische, kulturpolitisch begr\u00fcndete F\u00f6rderung durch eine stark selektive, parametergetriebene Logik ersetzt.<\/span><\/span><\/p>\n<p align=\"left\"><span style=\"font-family: Arial, sans-serif;\"><span style=\"font-size: small;\"><b>Was fordert ihr konkret?<\/b><\/span><\/span><\/p>\n<p align=\"left\"><span style=\"font-family: Arial, sans-serif;\"><span style=\"font-size: small;\">Wir setzen uns ein f\u00fcr:<\/span><\/span><\/p>\n<ul>\n<li>\n<p align=\"left\"><span style=\"font-family: Arial, sans-serif;\"><span style=\"font-size: small;\">transparente und nachvollziehbare Entscheidungsgrundlagen,<\/span><\/span><\/p>\n<\/li>\n<li>\n<p align=\"left\"><span style=\"font-family: Arial, sans-serif;\"><span style=\"font-size: small;\">verl\u00e4ssliche und demokratisch legitimierte F\u00f6rdermechanismen,<\/span><\/span><\/p>\n<\/li>\n<li>\n<p align=\"left\"><span style=\"font-family: Arial, sans-serif;\"><span style=\"font-size: small;\">eine Kulturf\u00f6rderung, die Vielfalt professioneller k\u00fcnstlerischer Praxis strukturell absichert,<\/span><\/span><\/p>\n<\/li>\n<li>\n<p align=\"left\"><span style=\"font-family: Arial, sans-serif;\"><span style=\"font-size: small;\">einen realistischen Zugang zur ordentlichen Mitgliedschaft f\u00fcr kommende Generationen von Urheber:innen.<\/span><\/span><\/p>\n<\/li>\n<\/ul>\n<p align=\"left\"><span style=\"font-family: Arial, sans-serif;\"><span style=\"font-size: small;\"><b>Wie geht es weiter?<\/b><\/span><\/span><\/p>\n<p align=\"left\"><span style=\"font-family: Arial, sans-serif;\"><span style=\"font-size: small;\">Die Mitgliederversammlung 2026 wird \u00fcber die Umsetzung der Reform entscheiden. Unabh\u00e4ngig vom Abstimmungsergebnis halten wir eine kritische Begleitung und transparente Dokumentation der Auswirkungen f\u00fcr notwendig. <\/span><\/span><\/p>\n<p align=\"left\"><strong><span style=\"font-family: Arial, sans-serif;\"><span style=\"font-size: small;\">Hier als PDF: <a href=\"https:\/\/femusik.de\/wp-content\/uploads\/2026\/01\/FAQs-zur-geplanten-Reform-der-GEMA-Kulturfoerderung.pdf\" target=\"_blank\" rel=\"noopener\">Link<\/a><\/span><\/span><\/strong><\/p>\n<p align=\"left\">\n","protected":false},"excerpt":{"rendered":"<p>FAQs zur geplanten Reform der GEMA-Kulturf\u00f6rderung Worum geht es bei der GEMA-Reform? Die GEMA plant eine grundlegende Reform der Kulturf\u00f6rderung und der Verteilungsmechanismen, insbesondere im Bereich der zeitgen\u00f6ssischen Musik (E-Musik \/ Contemporary Classic Live = CCL). Ziel ist laut GEMA eine breitere, zeitgem\u00e4\u00dfe F\u00f6rderung. Die Reform soll ab 2027 schrittweise wirksam werden. Wird die Kulturf\u00f6rderung [&hellip;]<\/p>\n","protected":false},"author":1,"featured_media":0,"comment_status":"closed","ping_status":"open","sticky":false,"template":"","format":"standard","meta":{"footnotes":""},"categories":[5],"tags":[],"class_list":["post-141","post","type-post","status-publish","format-standard","hentry","category-news"],"_links":{"self":[{"href":"https:\/\/femusik.de\/index.php\/wp-json\/wp\/v2\/posts\/141","targetHints":{"allow":["GET"]}}],"collection":[{"href":"https:\/\/femusik.de\/index.php\/wp-json\/wp\/v2\/posts"}],"about":[{"href":"https:\/\/femusik.de\/index.php\/wp-json\/wp\/v2\/types\/post"}],"author":[{"embeddable":true,"href":"https:\/\/femusik.de\/index.php\/wp-json\/wp\/v2\/users\/1"}],"replies":[{"embeddable":true,"href":"https:\/\/femusik.de\/index.php\/wp-json\/wp\/v2\/comments?post=141"}],"version-history":[{"count":1,"href":"https:\/\/femusik.de\/index.php\/wp-json\/wp\/v2\/posts\/141\/revisions"}],"predecessor-version":[{"id":144,"href":"https:\/\/femusik.de\/index.php\/wp-json\/wp\/v2\/posts\/141\/revisions\/144"}],"wp:attachment":[{"href":"https:\/\/femusik.de\/index.php\/wp-json\/wp\/v2\/media?parent=141"}],"wp:term":[{"taxonomy":"category","embeddable":true,"href":"https:\/\/femusik.de\/index.php\/wp-json\/wp\/v2\/categories?post=141"},{"taxonomy":"post_tag","embeddable":true,"href":"https:\/\/femusik.de\/index.php\/wp-json\/wp\/v2\/tags?post=141"}],"curies":[{"name":"wp","href":"https:\/\/api.w.org\/{rel}","templated":true}]}}