{"id":150,"date":"2026-02-14T03:19:33","date_gmt":"2026-02-14T03:19:33","guid":{"rendered":"https:\/\/femusik.de\/?p=150"},"modified":"2026-02-14T03:54:22","modified_gmt":"2026-02-14T03:54:22","slug":"protestnote-der-fem","status":"publish","type":"post","link":"https:\/\/femusik.de\/index.php\/2026\/02\/14\/protestnote-der-fem\/","title":{"rendered":"Protestnote der FEM+"},"content":{"rendered":"<p>Verschiedene Mitglieder der GEMA haben am 9. Januar 2026 den Antrag &#8222;E-INKA, Fo\u0308rderungsverfahren, Wertung, U\u0308bergang&#8220; zur Vorpr\u00fcfung bei der GEMA eingereicht.<\/p>\n<p>Im Rahmen der Pr\u00e4sentation des Antrags der GEMA am 11.Februar 2026 in Berlin erw\u00e4hnte Vorstandsmitglied Georg Oeller diesen Antrag mit der Einsch\u00e4tzung, er w\u00fcrde am Status Quo (30% der F\u00f6rdersumme) f\u00fcr die Gruppe der (bisherigen) E-Musik festhalten. Damit hat Georg Oeller den Inhalt des Antrags unzutreffend dargestellt.<\/p>\n<p>Zu diesem Zeitpunkt lag den Antragstellern kein Ergebnis der Antragspr\u00fcfung vor, der Antrag war somit noch nicht abschlie\u00dfend eingereicht, ver\u00f6ffentlicht und nachlesbar.<\/p>\n<p>Wir protestieren dagegen, dass in einer Pr\u00e4sentationsveranstaltung der GEMA von einem Vorstandsmitglied eine fehlerhafte Einsch\u00e4tzung zu einem Antrag gegeben wird, obwohl dieser noch nicht ver\u00f6ffentlicht ist und er somit vorab diskreditiert wird.<\/p>\n<p>Das Leitungsteam der FEM+<\/p>\n","protected":false},"excerpt":{"rendered":"<p>Verschiedene Mitglieder der GEMA haben am 9. Januar 2026 den Antrag &#8222;E-INKA, Fo\u0308rderungsverfahren, Wertung, U\u0308bergang&#8220; zur Vorpr\u00fcfung bei der GEMA eingereicht. Im Rahmen der Pr\u00e4sentation des Antrags der GEMA am 11.Februar 2026 in Berlin erw\u00e4hnte Vorstandsmitglied Georg Oeller diesen Antrag mit der Einsch\u00e4tzung, er w\u00fcrde am Status Quo (30% der F\u00f6rdersumme) f\u00fcr die Gruppe der [&hellip;]<\/p>\n","protected":false},"author":1,"featured_media":0,"comment_status":"closed","ping_status":"open","sticky":false,"template":"","format":"standard","meta":{"footnotes":""},"categories":[5],"tags":[],"class_list":["post-150","post","type-post","status-publish","format-standard","hentry","category-news"],"_links":{"self":[{"href":"https:\/\/femusik.de\/index.php\/wp-json\/wp\/v2\/posts\/150","targetHints":{"allow":["GET"]}}],"collection":[{"href":"https:\/\/femusik.de\/index.php\/wp-json\/wp\/v2\/posts"}],"about":[{"href":"https:\/\/femusik.de\/index.php\/wp-json\/wp\/v2\/types\/post"}],"author":[{"embeddable":true,"href":"https:\/\/femusik.de\/index.php\/wp-json\/wp\/v2\/users\/1"}],"replies":[{"embeddable":true,"href":"https:\/\/femusik.de\/index.php\/wp-json\/wp\/v2\/comments?post=150"}],"version-history":[{"count":6,"href":"https:\/\/femusik.de\/index.php\/wp-json\/wp\/v2\/posts\/150\/revisions"}],"predecessor-version":[{"id":156,"href":"https:\/\/femusik.de\/index.php\/wp-json\/wp\/v2\/posts\/150\/revisions\/156"}],"wp:attachment":[{"href":"https:\/\/femusik.de\/index.php\/wp-json\/wp\/v2\/media?parent=150"}],"wp:term":[{"taxonomy":"category","embeddable":true,"href":"https:\/\/femusik.de\/index.php\/wp-json\/wp\/v2\/categories?post=150"},{"taxonomy":"post_tag","embeddable":true,"href":"https:\/\/femusik.de\/index.php\/wp-json\/wp\/v2\/tags?post=150"}],"curies":[{"name":"wp","href":"https:\/\/api.w.org\/{rel}","templated":true}]}}