{"id":47,"date":"2025-05-23T19:49:30","date_gmt":"2025-05-23T19:49:30","guid":{"rendered":"https:\/\/femusik.de\/?p=47"},"modified":"2025-05-23T19:49:30","modified_gmt":"2025-05-23T19:49:30","slug":"statement-der-fem-fachgruppe-e-musik-im-deutschen-komponistinnenverband-zum-weiteren-dialog-ueber-das-gema-reformvorhaben","status":"publish","type":"post","link":"https:\/\/femusik.de\/index.php\/2025\/05\/23\/statement-der-fem-fachgruppe-e-musik-im-deutschen-komponistinnenverband-zum-weiteren-dialog-ueber-das-gema-reformvorhaben\/","title":{"rendered":"Statement der FEM (Fachgruppe E-Musik im Deutschen Komponist:innenverband) zum weiteren Dialog \u00fcber das GEMA-Reformvorhaben"},"content":{"rendered":"<p class=\"western\" align=\"justify\"><span style=\"font-family: Arial, sans-serif;\">Wie auf der GEMA-Mitgliederversammlung am 14. und 15. Mai 2025 von uns w\u00e4hrend der Diskussion und Abstimmung bekundet, sehen wir grunds\u00e4tzlich die Notwendigkeit einer Reform. <\/span><\/p>\n<p class=\"western\" align=\"justify\"><span style=\"font-family: Arial, sans-serif;\">Wir unterst\u00fctzen die GEMA-Pressemitteilung vom 15. Mai 2025, dass die weitere Ausgestaltung des Reformvorhabens mit der Mitgliedschaft, mit uns zu diskutieren sei. <\/span><\/p>\n<p class=\"western\" align=\"justify\"><span style=\"font-family: Arial, sans-serif;\">Uns erschien der von Aufsichtsrat und Vorstand eingebrachte Antrag 22a als nicht zustimmungsf\u00e4hig. Auch Kolleg:innen anderer Sparten und die Verlegerkurie stimmten dagegen. <\/span><\/p>\n<p class=\"western\" align=\"justify\"><span style=\"font-family: Arial, sans-serif;\">Insgesamt fehlte das Vertrauen in die Ausgestaltung einer Reform, bei der wir nicht mitgenommen wurden. <\/span><\/p>\n<p class=\"western\" align=\"justify\"><span style=\"font-family: Arial, sans-serif;\">Mit unseren eigenen Antr\u00e4gen zur Verteilung und Wertung zeigten wir unsere Reformbereitschaft. <\/span><\/p>\n<p class=\"western\" align=\"justify\"><span style=\"font-family: Arial, sans-serif;\">Wir hatten im Vorfeld das Reformvorhaben offen begleitet und Hinweise auf wichtige \u00c4nderungen und Kritik daran eingebracht. <\/span><\/p>\n<p class=\"western\" align=\"justify\"><a name=\"_GoBack\"><\/a><span style=\"font-family: Arial, sans-serif;\">Wir bedauern jedoch die gewachsene Polemik der letzten Wochen auf allen Seiten, zu der auch wir beigetragen haben.<\/span><\/p>\n<p class=\"western\" align=\"justify\"><a name=\"_GoBack_Kopie_1\"><\/a><span style=\"font-family: Arial, sans-serif;\">Dennoch bekennen wir uns nach wie vor zu einer Reformnotwendigkeit und erkennen im Antrag 22a durchaus auch interessante neue Ans\u00e4tze einer Kulturf\u00f6rderung. <\/span><\/p>\n<p class=\"western\" align=\"justify\"><span style=\"font-family: Arial, sans-serif;\">Wir wollen nicht an Besitzst\u00e4nd<\/span><span style=\"color: #000000;\"><span style=\"font-family: Arial, sans-serif;\">en festhalten.<\/span><\/span><\/p>\n<p class=\"western\" align=\"justify\"><span style=\"font-family: Arial, sans-serif;\">Wir wollen im Prozess der Reform besser mit unserer Expertise integriert werden, wie wir es seit 2024 immer wieder deutlich betonen. <\/span><\/p>\n<p class=\"western\" align=\"justify\"><span style=\"font-family: Arial, sans-serif;\">Wir sind bereit f\u00fcr einen konstruktiven Dialog mit der GEMA und den betroffenen Verb\u00e4nden.<\/span><\/p>\n<p class=\"western\" align=\"justify\"><span style=\"font-family: Arial, sans-serif;\">F\u00fcr den FEM-Vorsitz<\/span><\/p>\n<p class=\"western\" align=\"justify\"><span style=\"font-family: Arial, sans-serif;\">Johannes Hildebrandt &amp; Alexander Strauch<\/span><\/p>\n","protected":false},"excerpt":{"rendered":"<p>Wie auf der GEMA-Mitgliederversammlung am 14. und 15. Mai 2025 von uns w\u00e4hrend der Diskussion und Abstimmung bekundet, sehen wir grunds\u00e4tzlich die Notwendigkeit einer Reform. Wir unterst\u00fctzen die GEMA-Pressemitteilung vom 15. Mai 2025, dass die weitere Ausgestaltung des Reformvorhabens mit der Mitgliedschaft, mit uns zu diskutieren sei. Uns erschien der von Aufsichtsrat und Vorstand eingebrachte [&hellip;]<\/p>\n","protected":false},"author":1,"featured_media":0,"comment_status":"closed","ping_status":"open","sticky":false,"template":"","format":"standard","meta":{"footnotes":""},"categories":[5],"tags":[],"class_list":["post-47","post","type-post","status-publish","format-standard","hentry","category-news"],"_links":{"self":[{"href":"https:\/\/femusik.de\/index.php\/wp-json\/wp\/v2\/posts\/47","targetHints":{"allow":["GET"]}}],"collection":[{"href":"https:\/\/femusik.de\/index.php\/wp-json\/wp\/v2\/posts"}],"about":[{"href":"https:\/\/femusik.de\/index.php\/wp-json\/wp\/v2\/types\/post"}],"author":[{"embeddable":true,"href":"https:\/\/femusik.de\/index.php\/wp-json\/wp\/v2\/users\/1"}],"replies":[{"embeddable":true,"href":"https:\/\/femusik.de\/index.php\/wp-json\/wp\/v2\/comments?post=47"}],"version-history":[{"count":1,"href":"https:\/\/femusik.de\/index.php\/wp-json\/wp\/v2\/posts\/47\/revisions"}],"predecessor-version":[{"id":48,"href":"https:\/\/femusik.de\/index.php\/wp-json\/wp\/v2\/posts\/47\/revisions\/48"}],"wp:attachment":[{"href":"https:\/\/femusik.de\/index.php\/wp-json\/wp\/v2\/media?parent=47"}],"wp:term":[{"taxonomy":"category","embeddable":true,"href":"https:\/\/femusik.de\/index.php\/wp-json\/wp\/v2\/categories?post=47"},{"taxonomy":"post_tag","embeddable":true,"href":"https:\/\/femusik.de\/index.php\/wp-json\/wp\/v2\/tags?post=47"}],"curies":[{"name":"wp","href":"https:\/\/api.w.org\/{rel}","templated":true}]}}