{"id":65,"date":"2025-07-21T17:04:41","date_gmt":"2025-07-21T17:04:41","guid":{"rendered":"https:\/\/femusik.de\/?p=65"},"modified":"2025-07-24T08:21:40","modified_gmt":"2025-07-24T08:21:40","slug":"statement-der-fem-fachgruppe-e-musik-im-deutschen-komponistinnenverband-zum-neuen-forum-e-der-gema-in-vorbereitung-eines-neuen-modells-der-kulturfoerderung","status":"publish","type":"post","link":"https:\/\/femusik.de\/index.php\/2025\/07\/21\/statement-der-fem-fachgruppe-e-musik-im-deutschen-komponistinnenverband-zum-neuen-forum-e-der-gema-in-vorbereitung-eines-neuen-modells-der-kulturfoerderung\/","title":{"rendered":"Statement der FEM+ (Fachgruppe E-Musik im Deutschen Komponist:innenverband) zum neuen &#8222;Forum E&#8220; der GEMA in Vorbereitung eines neuen Modells der Kulturf\u00f6rderung"},"content":{"rendered":"<p><span style=\"font-family: Arial, sans-serif;\">Wie auf der GEMA-Mitgliederversammlung am 14. und 15. Mai 2025 von uns w\u00e4hrend der Diskussion und Abstimmung bekundet, sehen wir grunds\u00e4tzlich die Notwendigkeit einer Reform.<\/span><\/p>\n<p><span style=\"font-family: Arial, sans-serif;\">Wir unterst\u00fctzen die GEMA-Pressemitteilung vom 15. Mai 2025, dass die weitere Ausgestaltung des Reformvorhabens mit der Mitgliedschaft, mit uns zu diskutieren sei.<\/span><\/p>\n<p><span style=\"font-family: Arial, sans-serif;\">Wir begr\u00fc\u00dfen die Einrichtung des neuen \u201eForum E\u201c, um die begonnene Diskussion wieder aufzunehmen.<\/span><\/p>\n<p><span style=\"font-family: Arial, sans-serif;\">Wir k\u00f6nnen leider keine transparenten Kriterien erkennen, die zur Auswahl der Eingeladenen, die an der neuen Diskussion im \u201eForum E\u201c beteiligt sein sollen gef\u00fchrt haben.<\/span><\/p>\n<p><span style=\"font-family: Arial, sans-serif;\">Dar\u00fcber hinaus grenzen die vorgelegten \u201eLeitlinien\u201c die M\u00f6glichkeiten einer neuen Diskussion schon vor deren Beginn stark ein. Zu dem notwendigen demokratischen Diskussionsprozess geh\u00f6rt es, dass auch kritische Stimmen im Sinne der Gleichbehandlung angemessene Beachtung finden und ihr Recht auf Meinungs\u00e4u\u00dferung erhalten.<\/span><\/p>\n<p><span style=\"font-family: Arial, sans-serif;\">Wir erachten es als kritisch, dass manche in GEMA-Gremien T\u00e4tigen und Aktiven aus Verb\u00e4nden, wie u.a. der Pr\u00e4sident des DKV, nicht zum Kreise der Eingeladenen des \u201eE Forum\u201c durch die GEMA geh\u00f6ren.<\/span><\/p>\n<p><span style=\"font-family: Arial, sans-serif;\">Wir erkl\u00e4ren wiederholt unsere Bereitschaft f\u00fcr einen konstruktiven Dialog mit der GEMA und den betroffenen Verb\u00e4nden.<\/span><\/p>\n<p><span style=\"font-family: Arial, sans-serif;\">Wir und die unterzeichnenden Kolleginnen und Kollegen erwarten Transparenz im weiteren Diskussionsprozess.<\/span><\/p>\n<p style=\"text-align: right;\"><span style=\"font-family: Arial, sans-serif;\">Berlin, 21. Juli 2025<\/span><\/p>\n<p><a href=\"https:\/\/femusik.de\/wp-content\/uploads\/2025\/07\/Statement-FEM-GEMA-Forum-E-Juli-2025.pdf\" target=\"_blank\" rel=\"noopener\"><span style=\"font-family: Arial, sans-serif;\">Das Statement als PDF zum Download mit den Erstunterzeichner:innen\u00a0<\/span><\/a><\/p>\n<p><span style=\"font-family: Arial, sans-serif;\">Erstunterzeichner:innen<\/span><\/p>\n<p><span style=\"font-family: Arial, sans-serif;\">Henrik Ajax, J\u00f6rn Arnecke, Carola Bauckholt, Christoph Baumgarten, Stefan Beyer, <\/span><span style=\"font-family: Arial, sans-serif;\">J\u00f6rg Birkenk\u00f6tter, Annesley Black, Fabian Blum, Minas Borboudakis, Johannes B. Borowski, Nikolaus Brass, Alois Br\u00f6der, Il-Ryun Chung, Sidney Corbett, Hans-Ch. v. Dadelsen, Sven Daigger, Brett Dean, Kathrin Denner, Violeta Dinescu, Matthias Drude,\u00a0<\/span><span style=\"font-family: Arial, sans-serif;\">Gerald Eckert, S\u00f8ren Nils Eichberg, Irina Emeliantseva, Orm Finnendahl, Bernd Franke, Peter Gahn, Thomas Gerwin, Arne Gieshoff, Detlev Glanert, Sara Glojnari\u0107,\u00a0<\/span><span style=\"font-family: Arial, sans-serif;\">Konstantia Gourzi, Farzia Fallah, Peter M. Hamel, Markus Hechtle, Richard Heller, <\/span><span style=\"font-family: Arial, sans-serif;\">Arnulf Herrmann, Stefan Heucke, Thomas C. Heyde, Johannes Hildebrandt, Hubert Hoche, York H\u00f6ller, Robin Hoffmann, Ralf Hoyer, Nicolaus A. Huber, Leopold Hurt, Gabriel Iranyi, Erik Janson, Gordon Kampe, Malika Kishino, Juliane Klein, Sven-Ingo Koch, Christian Kram, Ulrich Kreppein, Matthias S. Kr\u00fcger, Claus K\u00fchnl, Helmut Lachenmann, Peter H. Lang, Fabien L\u00e9vy, Stefan Lienenk\u00e4mper, Hans L\u00fcdemann,\u00a0<\/span><span style=\"font-family: Arial, sans-serif;\">Camille van Lunen, Dieter Mack, Philipp Maintz, Maximilian Marcoll, Johannes Marks, Elena Mendoza, Cathy Milliken, Burkhard Mohr, Jan M\u00fcller-Wieland, Harald M\u00fcnz, Isabel Mundry, Sergej Newski, Makiko Nishikaze, Samir Odeh-Tamimi, Helmut Oehring, Klaus Ospald, Michael Ostrzyga, Birger Petersen, Robert HP Platz, Ulrich Pogoda, Kai Joh. Polzhofer, Enno Poppe, Bernfried Pr\u00f6ve, Michael Quell, Olga Rayeva, Martin C. Redel, Michael Reudenbach, Clemens von Reusner, Rolf Riehm, Rainer Rubbert, Rolf Rudin, Peter Ruzicka, Anton Safronov, Rebecca Saunders, Benjamin Scheuer, Iris ter Schiphorst, Annette Schl\u00fcnz, Mia Schmidt, Bernhard Schneyer, Johannes Sch\u00f6llhorn, Anno Schreier, Luxa M. Sch\u00fcttler, Michael Schultheis, Benjamin Schweitzer, Aigerim Seilova, Torsten Sense, <\/span><span style=\"font-family: Arial, sans-serif;\">Elnaz Seyedi, Johannes B. Sistermanns, Daniel Smutny, Gerhard St\u00e4bler, Volker Staub, Rainer Stegmann, Susanne Stelzenbach, Jakob Stillmark, Stefan Streich, Alexander Strauch, Gebhard Ullmann, <\/span><span style=\"font-family: Arial, sans-serif;\">Manfred Trojahn, Manos Tsangaris, Ming Tsao, Toni V\u00f6lker, Ludger Vollmer, Caspar Joh. Walter, Ying Wang, Romeo Wecks, Mario Wiegand, Peter M. Wolf, Yasuko Yamaguchi, <\/span><span style=\"font-family: Arial, sans-serif;\">Helmut Zapf, Walter Zimmermann, Vito\u00a0\u017duraj<\/span><\/p>\n<p><span style=\"font-family: Arial, sans-serif;\">Weitere Mitzeichende: Otfried B\u00fcsing, Snezana Nesic, Diana Syrse, Frank Zabel, Sarah Nemtsov, Lukas D\u00f6hler, Ernst Helmuth Flammer, Eckart Beinke, Wolfgang Wollschl\u00e4ger<\/span><\/p>\n<p><span style=\"font-family: Arial, sans-serif;\">W<\/span><span style=\"font-family: Arial, sans-serif;\">er weiter mitzeichnen will, bitte kurze Mail (s. Kontakt auf Hauptseite!) an uns!<\/span><\/p>\n","protected":false},"excerpt":{"rendered":"<p>Wie auf der GEMA-Mitgliederversammlung am 14. und 15. Mai 2025 von uns w\u00e4hrend der Diskussion und Abstimmung bekundet, sehen wir grunds\u00e4tzlich die Notwendigkeit einer Reform. Wir unterst\u00fctzen die GEMA-Pressemitteilung vom 15. Mai 2025, dass die weitere Ausgestaltung des Reformvorhabens mit der Mitgliedschaft, mit uns zu diskutieren sei. Wir begr\u00fc\u00dfen die Einrichtung des neuen \u201eForum E\u201c, [&hellip;]<\/p>\n","protected":false},"author":1,"featured_media":0,"comment_status":"closed","ping_status":"open","sticky":false,"template":"","format":"standard","meta":{"footnotes":""},"categories":[5],"tags":[],"class_list":["post-65","post","type-post","status-publish","format-standard","hentry","category-news"],"_links":{"self":[{"href":"https:\/\/femusik.de\/index.php\/wp-json\/wp\/v2\/posts\/65","targetHints":{"allow":["GET"]}}],"collection":[{"href":"https:\/\/femusik.de\/index.php\/wp-json\/wp\/v2\/posts"}],"about":[{"href":"https:\/\/femusik.de\/index.php\/wp-json\/wp\/v2\/types\/post"}],"author":[{"embeddable":true,"href":"https:\/\/femusik.de\/index.php\/wp-json\/wp\/v2\/users\/1"}],"replies":[{"embeddable":true,"href":"https:\/\/femusik.de\/index.php\/wp-json\/wp\/v2\/comments?post=65"}],"version-history":[{"count":8,"href":"https:\/\/femusik.de\/index.php\/wp-json\/wp\/v2\/posts\/65\/revisions"}],"predecessor-version":[{"id":83,"href":"https:\/\/femusik.de\/index.php\/wp-json\/wp\/v2\/posts\/65\/revisions\/83"}],"wp:attachment":[{"href":"https:\/\/femusik.de\/index.php\/wp-json\/wp\/v2\/media?parent=65"}],"wp:term":[{"taxonomy":"category","embeddable":true,"href":"https:\/\/femusik.de\/index.php\/wp-json\/wp\/v2\/categories?post=65"},{"taxonomy":"post_tag","embeddable":true,"href":"https:\/\/femusik.de\/index.php\/wp-json\/wp\/v2\/tags?post=65"}],"curies":[{"name":"wp","href":"https:\/\/api.w.org\/{rel}","templated":true}]}}